{"id":128,"date":"2022-11-24T11:13:37","date_gmt":"2022-11-24T11:13:37","guid":{"rendered":"https:\/\/rise.org.ro\/?p=128"},"modified":"2022-11-24T11:40:05","modified_gmt":"2022-11-24T11:40:05","slug":"a-doua-sesiune-de-informare-din-cadrul-proiectului-consolidarea-institutionala-a-arrise-pentru-dezvoltarea-locala-participativa-cod-sipoca-smis-889-150956","status":"publish","type":"post","link":"https:\/\/rise.org.ro\/index.php\/2022\/11\/24\/a-doua-sesiune-de-informare-din-cadrul-proiectului-consolidarea-institutionala-a-arrise-pentru-dezvoltarea-locala-participativa-cod-sipoca-smis-889-150956\/","title":{"rendered":"A doua sesiune de informare din cadrul proiectului \u201eConsolidarea institu\u021bional\u0103 a ARRISE pentru dezvoltarea local\u0103 participativ\u0103\u201d, Cod SIPOCA\/SMIS: 889\/ 150956"},"content":{"rendered":"<p style=\"text-align: center;\">Luni, 21.11.2022, \u00een sala de festivit\u0103\u021bi a Liceului Teoretic \u201cIon Ghica\u201d din Ora\u0219 R\u0103cari a avut loc cea de-a doua sesiune de informare din cadrul proiectului: \u201eConsolidarea institu\u021bional\u0103 a ARRISE pentru dezvoltarea local\u0103 participativ\u0103\u201d, Cod SIPOCA\/SMIS: 889\/ 150956, proiect cofinan\u021bat din FSE prin Programul Opera\u021bional Capacitate Administrativ\u0103 (POCA), implementat de Asocia\u021bia Rom\u00e2n\u0103 de Rela\u021bii Interna\u021bionale \u0219i Studii Europene (ARRISE).<\/p>\n<p><img loading=\"lazy\" decoding=\"async\" class=\"aligncenter wp-image-131 size-large\" src=\"https:\/\/rise.org.ro\/wp-content\/uploads\/2022\/11\/IMG_9349-1024x768.jpg\" alt=\"\" width=\"640\" height=\"480\" srcset=\"https:\/\/rise.org.ro\/wp-content\/uploads\/2022\/11\/IMG_9349-1024x768.jpg 1024w, https:\/\/rise.org.ro\/wp-content\/uploads\/2022\/11\/IMG_9349-300x225.jpg 300w, https:\/\/rise.org.ro\/wp-content\/uploads\/2022\/11\/IMG_9349-768x576.jpg 768w, https:\/\/rise.org.ro\/wp-content\/uploads\/2022\/11\/IMG_9349-1536x1152.jpg 1536w, https:\/\/rise.org.ro\/wp-content\/uploads\/2022\/11\/IMG_9349-2048x1536.jpg 2048w\" sizes=\"auto, (max-width: 640px) 100vw, 640px\" \/><\/p>\n<p>&nbsp;<\/p>\n<div class=\"x11i5rnm xat24cr x1mh8g0r x1vvkbs xtlvy1s x126k92a\">\n<div dir=\"auto\" style=\"text-align: center;\">Evenimentul face parte din seria de ac\u021biuni prev\u0103zute \u00een cadrul proiectului pentru elaborarea strategiei de dezvoltare local\u0103 a ora\u0219ului R\u0103cari pentru perioada de programme 2021-2027 \u0219i are ca scop consultarea p\u0103r\u021bilor interesate de la nivel local \u0219i cre\u0219terea nivelului de implicare comunitar\u0103.<br \/>\nLa sesiunea de informare au participat, al\u0103turi de reprezentan\u021bii ARRISE, \u0219i reprezentan\u021bi ai mediului de afaceri din ora\u0219ul R\u0103cari, personal din cadrul Prim\u0103riei ora\u0219ului R\u0103cari \u0219i ale\u0219i locali, personal didactic \u0219i cadre didactice din unit\u0103\u021bile de \u00eenv\u0103\u021b\u0103m\u00e2nt de la nivelul ora\u0219ului R\u0103cari.<br \/>\nDiscu\u021biile au avut ca punct central necesitatea realiz\u0103rii unei analize diagnostic concludente pentru a putea contura un priorit\u0103\u0163ile pentru strategia de dezvoltare adaptat\u0103 nevoilor ora\u0219ului \u0219i etapele de cercetare ce trebuie \u00eentreprinse pentru atingerea acestui obiectiv.<\/div>\n<\/div>\n<div id='gallery-1' class='gallery galleryid-128 gallery-columns-2 gallery-size-large'><figure class='gallery-item'>\n\t\t\t<div class='gallery-icon portrait'>\n\t\t\t\t<a href='https:\/\/rise.org.ro\/index.php\/2022\/11\/24\/a-doua-sesiune-de-informare-din-cadrul-proiectului-consolidarea-institutionala-a-arrise-pentru-dezvoltarea-locala-participativa-cod-sipoca-smis-889-150956\/img_9346\/'><img loading=\"lazy\" decoding=\"async\" width=\"640\" height=\"660\" src=\"https:\/\/rise.org.ro\/wp-content\/uploads\/2022\/11\/IMG_9346-993x1024.jpg\" class=\"attachment-large size-large\" alt=\"\" srcset=\"https:\/\/rise.org.ro\/wp-content\/uploads\/2022\/11\/IMG_9346-993x1024.jpg 993w, https:\/\/rise.org.ro\/wp-content\/uploads\/2022\/11\/IMG_9346-291x300.jpg 291w, https:\/\/rise.org.ro\/wp-content\/uploads\/2022\/11\/IMG_9346-768x792.jpg 768w, https:\/\/rise.org.ro\/wp-content\/uploads\/2022\/11\/IMG_9346-1489x1536.jpg 1489w, https:\/\/rise.org.ro\/wp-content\/uploads\/2022\/11\/IMG_9346-1985x2048.jpg 1985w\" sizes=\"auto, (max-width: 640px) 100vw, 640px\" \/><\/a>\n\t\t\t<\/div><\/figure><figure class='gallery-item'>\n\t\t\t<div class='gallery-icon portrait'>\n\t\t\t\t<a href='https:\/\/rise.org.ro\/index.php\/2022\/11\/24\/a-doua-sesiune-de-informare-din-cadrul-proiectului-consolidarea-institutionala-a-arrise-pentru-dezvoltarea-locala-participativa-cod-sipoca-smis-889-150956\/img_9347\/'><img loading=\"lazy\" decoding=\"async\" width=\"640\" height=\"682\" src=\"https:\/\/rise.org.ro\/wp-content\/uploads\/2022\/11\/IMG_9347-961x1024.jpg\" class=\"attachment-large size-large\" alt=\"\" srcset=\"https:\/\/rise.org.ro\/wp-content\/uploads\/2022\/11\/IMG_9347-961x1024.jpg 961w, https:\/\/rise.org.ro\/wp-content\/uploads\/2022\/11\/IMG_9347-282x300.jpg 282w, https:\/\/rise.org.ro\/wp-content\/uploads\/2022\/11\/IMG_9347-768x818.jpg 768w, https:\/\/rise.org.ro\/wp-content\/uploads\/2022\/11\/IMG_9347-1442x1536.jpg 1442w, https:\/\/rise.org.ro\/wp-content\/uploads\/2022\/11\/IMG_9347-1922x2048.jpg 1922w\" sizes=\"auto, (max-width: 640px) 100vw, 640px\" \/><\/a>\n\t\t\t<\/div><\/figure><figure class='gallery-item'>\n\t\t\t<div class='gallery-icon landscape'>\n\t\t\t\t<a href='https:\/\/rise.org.ro\/index.php\/2022\/11\/24\/a-doua-sesiune-de-informare-din-cadrul-proiectului-consolidarea-institutionala-a-arrise-pentru-dezvoltarea-locala-participativa-cod-sipoca-smis-889-150956\/img_9348-2\/'><img loading=\"lazy\" decoding=\"async\" width=\"640\" height=\"473\" src=\"https:\/\/rise.org.ro\/wp-content\/uploads\/2022\/11\/IMG_9348-1-1024x757.jpg\" class=\"attachment-large size-large\" alt=\"\" srcset=\"https:\/\/rise.org.ro\/wp-content\/uploads\/2022\/11\/IMG_9348-1-1024x757.jpg 1024w, https:\/\/rise.org.ro\/wp-content\/uploads\/2022\/11\/IMG_9348-1-300x222.jpg 300w, https:\/\/rise.org.ro\/wp-content\/uploads\/2022\/11\/IMG_9348-1-768x568.jpg 768w, https:\/\/rise.org.ro\/wp-content\/uploads\/2022\/11\/IMG_9348-1-1536x1136.jpg 1536w, https:\/\/rise.org.ro\/wp-content\/uploads\/2022\/11\/IMG_9348-1-2048x1515.jpg 2048w\" sizes=\"auto, (max-width: 640px) 100vw, 640px\" \/><\/a>\n\t\t\t<\/div><\/figure><figure class='gallery-item'>\n\t\t\t<div class='gallery-icon landscape'>\n\t\t\t\t<a href='https:\/\/rise.org.ro\/index.php\/2022\/11\/24\/a-doua-sesiune-de-informare-din-cadrul-proiectului-consolidarea-institutionala-a-arrise-pentru-dezvoltarea-locala-participativa-cod-sipoca-smis-889-150956\/img_9349-2\/'><img loading=\"lazy\" decoding=\"async\" width=\"640\" height=\"480\" src=\"https:\/\/rise.org.ro\/wp-content\/uploads\/2022\/11\/IMG_9349-1-1024x768.jpg\" class=\"attachment-large size-large\" alt=\"\" srcset=\"https:\/\/rise.org.ro\/wp-content\/uploads\/2022\/11\/IMG_9349-1-1024x768.jpg 1024w, https:\/\/rise.org.ro\/wp-content\/uploads\/2022\/11\/IMG_9349-1-300x225.jpg 300w, https:\/\/rise.org.ro\/wp-content\/uploads\/2022\/11\/IMG_9349-1-768x576.jpg 768w, https:\/\/rise.org.ro\/wp-content\/uploads\/2022\/11\/IMG_9349-1-1536x1152.jpg 1536w, https:\/\/rise.org.ro\/wp-content\/uploads\/2022\/11\/IMG_9349-1-2048x1536.jpg 2048w\" sizes=\"auto, (max-width: 640px) 100vw, 640px\" \/><\/a>\n\t\t\t<\/div><\/figure><figure class='gallery-item'>\n\t\t\t<div class='gallery-icon portrait'>\n\t\t\t\t<a href='https:\/\/rise.org.ro\/index.php\/2022\/11\/24\/a-doua-sesiune-de-informare-din-cadrul-proiectului-consolidarea-institutionala-a-arrise-pentru-dezvoltarea-locala-participativa-cod-sipoca-smis-889-150956\/img_9350\/'><img loading=\"lazy\" decoding=\"async\" width=\"640\" height=\"861\" src=\"https:\/\/rise.org.ro\/wp-content\/uploads\/2022\/11\/IMG_9350-761x1024.jpg\" class=\"attachment-large size-large\" alt=\"\" srcset=\"https:\/\/rise.org.ro\/wp-content\/uploads\/2022\/11\/IMG_9350-761x1024.jpg 761w, https:\/\/rise.org.ro\/wp-content\/uploads\/2022\/11\/IMG_9350-223x300.jpg 223w, https:\/\/rise.org.ro\/wp-content\/uploads\/2022\/11\/IMG_9350-768x1034.jpg 768w, https:\/\/rise.org.ro\/wp-content\/uploads\/2022\/11\/IMG_9350-1141x1536.jpg 1141w, https:\/\/rise.org.ro\/wp-content\/uploads\/2022\/11\/IMG_9350-1522x2048.jpg 1522w, https:\/\/rise.org.ro\/wp-content\/uploads\/2022\/11\/IMG_9350-scaled.jpg 1902w\" sizes=\"auto, (max-width: 640px) 100vw, 640px\" \/><\/a>\n\t\t\t<\/div><\/figure><figure class='gallery-item'>\n\t\t\t<div class='gallery-icon portrait'>\n\t\t\t\t<a href='https:\/\/rise.org.ro\/index.php\/2022\/11\/24\/a-doua-sesiune-de-informare-din-cadrul-proiectului-consolidarea-institutionala-a-arrise-pentru-dezvoltarea-locala-participativa-cod-sipoca-smis-889-150956\/img_9351\/'><img loading=\"lazy\" decoding=\"async\" width=\"640\" height=\"900\" src=\"https:\/\/rise.org.ro\/wp-content\/uploads\/2022\/11\/IMG_9351-728x1024.jpg\" class=\"attachment-large size-large\" alt=\"\" srcset=\"https:\/\/rise.org.ro\/wp-content\/uploads\/2022\/11\/IMG_9351-728x1024.jpg 728w, https:\/\/rise.org.ro\/wp-content\/uploads\/2022\/11\/IMG_9351-213x300.jpg 213w, https:\/\/rise.org.ro\/wp-content\/uploads\/2022\/11\/IMG_9351-768x1080.jpg 768w, https:\/\/rise.org.ro\/wp-content\/uploads\/2022\/11\/IMG_9351-1092x1536.jpg 1092w, https:\/\/rise.org.ro\/wp-content\/uploads\/2022\/11\/IMG_9351-1456x2048.jpg 1456w, https:\/\/rise.org.ro\/wp-content\/uploads\/2022\/11\/IMG_9351-scaled.jpg 1820w\" sizes=\"auto, (max-width: 640px) 100vw, 640px\" \/><\/a>\n\t\t\t<\/div><\/figure>\n\t\t<\/div>\n\n","protected":false},"excerpt":{"rendered":"<p>Luni, 21.11.2022, \u00een sala de festivit\u0103\u021bi a Liceului Teoretic \u201cIon Ghica\u201d din Ora\u0219 R\u0103cari a avut loc cea de-a doua sesiune de informare din cadrul proiectului: \u201eConsolidarea institu\u021bional\u0103 a ARRISE pentru dezvoltarea local\u0103 participativ\u0103\u201d, Cod SIPOCA\/SMIS: 889\/ 150956, proiect cofinan\u021bat din FSE prin Programul Opera\u021bional Capacitate Administrativ\u0103 (POCA), implementat de Asocia\u021bia Rom\u00e2n\u0103 de Rela\u021bii Interna\u021bionale \u0219i Studii Europene (ARRISE). &nbsp; [&hellip;]<\/p>\n","protected":false},"author":1,"featured_media":130,"comment_status":"open","ping_status":"open","sticky":false,"template":"","format":"standard","meta":{"footnotes":""},"categories":[2],"tags":[],"class_list":["post-128","post","type-post","status-publish","format-standard","has-post-thumbnail","hentry","category-evenimente"],"yoast_head":"<!-- This site is optimized with the Yoast SEO plugin v19.6 - https:\/\/yoast.com\/wordpress\/plugins\/seo\/ -->\n<title>A doua sesiune de informare din cadrul proiectului \u201eConsolidarea institu\u021bional\u0103 a ARRISE pentru dezvoltarea local\u0103 participativ\u0103\u201d, Cod SIPOCA\/SMIS: 889\/ 150956 - ARRISE<\/title>\n<meta name=\"robots\" content=\"index, follow, max-snippet:-1, max-image-preview:large, max-video-preview:-1\" \/>\n<link rel=\"canonical\" href=\"https:\/\/rise.org.ro\/index.php\/2022\/11\/24\/a-doua-sesiune-de-informare-din-cadrul-proiectului-consolidarea-institutionala-a-arrise-pentru-dezvoltarea-locala-participativa-cod-sipoca-smis-889-150956\/\" \/>\n<meta property=\"og:locale\" content=\"en_US\" \/>\n<meta property=\"og:type\" content=\"article\" \/>\n<meta property=\"og:title\" content=\"A doua sesiune de informare din cadrul proiectului \u201eConsolidarea institu\u021bional\u0103 a ARRISE pentru dezvoltarea local\u0103 participativ\u0103\u201d, Cod SIPOCA\/SMIS: 889\/ 150956 - ARRISE\" \/>\n<meta property=\"og:description\" content=\"Luni, 21.11.2022, \u00een sala de festivit\u0103\u021bi a Liceului Teoretic \u201cIon Ghica\u201d din Ora\u0219 R\u0103cari a avut loc cea de-a doua sesiune de informare din cadrul proiectului: \u201eConsolidarea institu\u021bional\u0103 a ARRISE pentru dezvoltarea local\u0103 participativ\u0103\u201d, Cod SIPOCA\/SMIS: 889\/ 150956, proiect cofinan\u021bat din FSE prin Programul Opera\u021bional Capacitate Administrativ\u0103 (POCA), implementat de Asocia\u021bia Rom\u00e2n\u0103 de Rela\u021bii Interna\u021bionale \u0219i Studii Europene (ARRISE). &nbsp; [&hellip;]\" \/>\n<meta property=\"og:url\" content=\"https:\/\/rise.org.ro\/index.php\/2022\/11\/24\/a-doua-sesiune-de-informare-din-cadrul-proiectului-consolidarea-institutionala-a-arrise-pentru-dezvoltarea-locala-participativa-cod-sipoca-smis-889-150956\/\" \/>\n<meta property=\"og:site_name\" content=\"ARRISE\" \/>\n<meta property=\"article:published_time\" content=\"2022-11-24T11:13:37+00:00\" \/>\n<meta property=\"article:modified_time\" content=\"2022-11-24T11:40:05+00:00\" \/>\n<meta property=\"og:image\" content=\"https:\/\/rise.org.ro\/wp-content\/uploads\/2022\/11\/IMG_9348-scaled.jpg\" \/>\n\t<meta property=\"og:image:width\" content=\"2560\" \/>\n\t<meta property=\"og:image:height\" content=\"1893\" \/>\n\t<meta property=\"og:image:type\" content=\"image\/jpeg\" \/>\n<meta name=\"author\" content=\"admin\" \/>\n<meta name=\"twitter:card\" content=\"summary_large_image\" \/>\n<meta name=\"twitter:label1\" content=\"Written by\" \/>\n\t<meta name=\"twitter:data1\" content=\"admin\" \/>\n\t<meta name=\"twitter:label2\" content=\"Est. reading time\" \/>\n\t<meta name=\"twitter:data2\" content=\"2 minutes\" \/>\n<script type=\"application\/ld+json\" class=\"yoast-schema-graph\">{\"@context\":\"https:\/\/schema.org\",\"@graph\":[{\"@type\":\"Article\",\"@id\":\"https:\/\/rise.org.ro\/index.php\/2022\/11\/24\/a-doua-sesiune-de-informare-din-cadrul-proiectului-consolidarea-institutionala-a-arrise-pentru-dezvoltarea-locala-participativa-cod-sipoca-smis-889-150956\/#article\",\"isPartOf\":{\"@id\":\"https:\/\/rise.org.ro\/index.php\/2022\/11\/24\/a-doua-sesiune-de-informare-din-cadrul-proiectului-consolidarea-institutionala-a-arrise-pentru-dezvoltarea-locala-participativa-cod-sipoca-smis-889-150956\/\"},\"author\":{\"name\":\"admin\",\"@id\":\"https:\/\/rise.org.ro\/#\/schema\/person\/40187d4fe4808cfa219ea446944b01b5\"},\"headline\":\"A doua sesiune de informare din cadrul proiectului \u201eConsolidarea institu\u021bional\u0103 a ARRISE pentru dezvoltarea local\u0103 participativ\u0103\u201d, Cod SIPOCA\/SMIS: 889\/ 150956\",\"datePublished\":\"2022-11-24T11:13:37+00:00\",\"dateModified\":\"2022-11-24T11:40:05+00:00\",\"mainEntityOfPage\":{\"@id\":\"https:\/\/rise.org.ro\/index.php\/2022\/11\/24\/a-doua-sesiune-de-informare-din-cadrul-proiectului-consolidarea-institutionala-a-arrise-pentru-dezvoltarea-locala-participativa-cod-sipoca-smis-889-150956\/\"},\"wordCount\":237,\"commentCount\":0,\"publisher\":{\"@id\":\"https:\/\/rise.org.ro\/#organization\"},\"articleSection\":[\"Evenimente \u0219i activit\u0103\u021bi\"],\"inLanguage\":\"en-US\",\"potentialAction\":[{\"@type\":\"CommentAction\",\"name\":\"Comment\",\"target\":[\"https:\/\/rise.org.ro\/index.php\/2022\/11\/24\/a-doua-sesiune-de-informare-din-cadrul-proiectului-consolidarea-institutionala-a-arrise-pentru-dezvoltarea-locala-participativa-cod-sipoca-smis-889-150956\/#respond\"]}]},{\"@type\":\"WebPage\",\"@id\":\"https:\/\/rise.org.ro\/index.php\/2022\/11\/24\/a-doua-sesiune-de-informare-din-cadrul-proiectului-consolidarea-institutionala-a-arrise-pentru-dezvoltarea-locala-participativa-cod-sipoca-smis-889-150956\/\",\"url\":\"https:\/\/rise.org.ro\/index.php\/2022\/11\/24\/a-doua-sesiune-de-informare-din-cadrul-proiectului-consolidarea-institutionala-a-arrise-pentru-dezvoltarea-locala-participativa-cod-sipoca-smis-889-150956\/\",\"name\":\"A doua sesiune de informare din cadrul proiectului \u201eConsolidarea institu\u021bional\u0103 a ARRISE pentru dezvoltarea local\u0103 participativ\u0103\u201d, Cod SIPOCA\/SMIS: 889\/ 150956 - ARRISE\",\"isPartOf\":{\"@id\":\"https:\/\/rise.org.ro\/#website\"},\"datePublished\":\"2022-11-24T11:13:37+00:00\",\"dateModified\":\"2022-11-24T11:40:05+00:00\",\"breadcrumb\":{\"@id\":\"https:\/\/rise.org.ro\/index.php\/2022\/11\/24\/a-doua-sesiune-de-informare-din-cadrul-proiectului-consolidarea-institutionala-a-arrise-pentru-dezvoltarea-locala-participativa-cod-sipoca-smis-889-150956\/#breadcrumb\"},\"inLanguage\":\"en-US\",\"potentialAction\":[{\"@type\":\"ReadAction\",\"target\":[\"https:\/\/rise.org.ro\/index.php\/2022\/11\/24\/a-doua-sesiune-de-informare-din-cadrul-proiectului-consolidarea-institutionala-a-arrise-pentru-dezvoltarea-locala-participativa-cod-sipoca-smis-889-150956\/\"]}]},{\"@type\":\"BreadcrumbList\",\"@id\":\"https:\/\/rise.org.ro\/index.php\/2022\/11\/24\/a-doua-sesiune-de-informare-din-cadrul-proiectului-consolidarea-institutionala-a-arrise-pentru-dezvoltarea-locala-participativa-cod-sipoca-smis-889-150956\/#breadcrumb\",\"itemListElement\":[{\"@type\":\"ListItem\",\"position\":1,\"name\":\"Home\",\"item\":\"https:\/\/rise.org.ro\/\"},{\"@type\":\"ListItem\",\"position\":2,\"name\":\"A doua sesiune de informare din cadrul proiectului \u201eConsolidarea institu\u021bional\u0103 a ARRISE pentru dezvoltarea local\u0103 participativ\u0103\u201d, Cod SIPOCA\/SMIS: 889\/ 150956\"}]},{\"@type\":\"WebSite\",\"@id\":\"https:\/\/rise.org.ro\/#website\",\"url\":\"https:\/\/rise.org.ro\/\",\"name\":\"ARRISE\",\"description\":\"Just another WordPress site\",\"publisher\":{\"@id\":\"https:\/\/rise.org.ro\/#organization\"},\"potentialAction\":[{\"@type\":\"SearchAction\",\"target\":{\"@type\":\"EntryPoint\",\"urlTemplate\":\"https:\/\/rise.org.ro\/?s={search_term_string}\"},\"query-input\":\"required name=search_term_string\"}],\"inLanguage\":\"en-US\"},{\"@type\":\"Organization\",\"@id\":\"https:\/\/rise.org.ro\/#organization\",\"name\":\"ARRISE\",\"url\":\"https:\/\/rise.org.ro\/\",\"sameAs\":[],\"logo\":{\"@type\":\"ImageObject\",\"inLanguage\":\"en-US\",\"@id\":\"https:\/\/rise.org.ro\/#\/schema\/logo\/image\/\",\"url\":\"https:\/\/rise.org.ro\/wp-content\/uploads\/2022\/08\/Logo-ARISSE-01.png\",\"contentUrl\":\"https:\/\/rise.org.ro\/wp-content\/uploads\/2022\/08\/Logo-ARISSE-01.png\",\"width\":591,\"height\":591,\"caption\":\"ARRISE\"},\"image\":{\"@id\":\"https:\/\/rise.org.ro\/#\/schema\/logo\/image\/\"}},{\"@type\":\"Person\",\"@id\":\"https:\/\/rise.org.ro\/#\/schema\/person\/40187d4fe4808cfa219ea446944b01b5\",\"name\":\"admin\",\"image\":{\"@type\":\"ImageObject\",\"inLanguage\":\"en-US\",\"@id\":\"https:\/\/rise.org.ro\/#\/schema\/person\/image\/\",\"url\":\"https:\/\/secure.gravatar.com\/avatar\/e2489487e426507eff58ab732f31de1afe6a36e1466cafe7e765fe86565a2026?s=96&d=mm&r=g\",\"contentUrl\":\"https:\/\/secure.gravatar.com\/avatar\/e2489487e426507eff58ab732f31de1afe6a36e1466cafe7e765fe86565a2026?s=96&d=mm&r=g\",\"caption\":\"admin\"},\"sameAs\":[\"https:\/\/rise.org.ro\"],\"url\":\"https:\/\/rise.org.ro\/index.php\/author\/admin_b2z2ypxu\/\"}]}<\/script>\n<!-- \/ Yoast SEO plugin. -->","yoast_head_json":{"title":"A doua sesiune de informare din cadrul proiectului \u201eConsolidarea institu\u021bional\u0103 a ARRISE pentru dezvoltarea local\u0103 participativ\u0103\u201d, Cod SIPOCA\/SMIS: 889\/ 150956 - ARRISE","robots":{"index":"index","follow":"follow","max-snippet":"max-snippet:-1","max-image-preview":"max-image-preview:large","max-video-preview":"max-video-preview:-1"},"canonical":"https:\/\/rise.org.ro\/index.php\/2022\/11\/24\/a-doua-sesiune-de-informare-din-cadrul-proiectului-consolidarea-institutionala-a-arrise-pentru-dezvoltarea-locala-participativa-cod-sipoca-smis-889-150956\/","og_locale":"en_US","og_type":"article","og_title":"A doua sesiune de informare din cadrul proiectului \u201eConsolidarea institu\u021bional\u0103 a ARRISE pentru dezvoltarea local\u0103 participativ\u0103\u201d, Cod SIPOCA\/SMIS: 889\/ 150956 - ARRISE","og_description":"Luni, 21.11.2022, \u00een sala de festivit\u0103\u021bi a Liceului Teoretic \u201cIon Ghica\u201d din Ora\u0219 R\u0103cari a avut loc cea de-a doua sesiune de informare din cadrul proiectului: \u201eConsolidarea institu\u021bional\u0103 a ARRISE pentru dezvoltarea local\u0103 participativ\u0103\u201d, Cod SIPOCA\/SMIS: 889\/ 150956, proiect cofinan\u021bat din FSE prin Programul Opera\u021bional Capacitate Administrativ\u0103 (POCA), implementat de Asocia\u021bia Rom\u00e2n\u0103 de Rela\u021bii Interna\u021bionale \u0219i Studii Europene (ARRISE). &nbsp; [&hellip;]","og_url":"https:\/\/rise.org.ro\/index.php\/2022\/11\/24\/a-doua-sesiune-de-informare-din-cadrul-proiectului-consolidarea-institutionala-a-arrise-pentru-dezvoltarea-locala-participativa-cod-sipoca-smis-889-150956\/","og_site_name":"ARRISE","article_published_time":"2022-11-24T11:13:37+00:00","article_modified_time":"2022-11-24T11:40:05+00:00","og_image":[{"width":2560,"height":1893,"url":"https:\/\/rise.org.ro\/wp-content\/uploads\/2022\/11\/IMG_9348-scaled.jpg","type":"image\/jpeg"}],"author":"admin","twitter_card":"summary_large_image","twitter_misc":{"Written by":"admin","Est. reading time":"2 minutes"},"schema":{"@context":"https:\/\/schema.org","@graph":[{"@type":"Article","@id":"https:\/\/rise.org.ro\/index.php\/2022\/11\/24\/a-doua-sesiune-de-informare-din-cadrul-proiectului-consolidarea-institutionala-a-arrise-pentru-dezvoltarea-locala-participativa-cod-sipoca-smis-889-150956\/#article","isPartOf":{"@id":"https:\/\/rise.org.ro\/index.php\/2022\/11\/24\/a-doua-sesiune-de-informare-din-cadrul-proiectului-consolidarea-institutionala-a-arrise-pentru-dezvoltarea-locala-participativa-cod-sipoca-smis-889-150956\/"},"author":{"name":"admin","@id":"https:\/\/rise.org.ro\/#\/schema\/person\/40187d4fe4808cfa219ea446944b01b5"},"headline":"A doua sesiune de informare din cadrul proiectului \u201eConsolidarea institu\u021bional\u0103 a ARRISE pentru dezvoltarea local\u0103 participativ\u0103\u201d, Cod SIPOCA\/SMIS: 889\/ 150956","datePublished":"2022-11-24T11:13:37+00:00","dateModified":"2022-11-24T11:40:05+00:00","mainEntityOfPage":{"@id":"https:\/\/rise.org.ro\/index.php\/2022\/11\/24\/a-doua-sesiune-de-informare-din-cadrul-proiectului-consolidarea-institutionala-a-arrise-pentru-dezvoltarea-locala-participativa-cod-sipoca-smis-889-150956\/"},"wordCount":237,"commentCount":0,"publisher":{"@id":"https:\/\/rise.org.ro\/#organization"},"articleSection":["Evenimente \u0219i activit\u0103\u021bi"],"inLanguage":"en-US","potentialAction":[{"@type":"CommentAction","name":"Comment","target":["https:\/\/rise.org.ro\/index.php\/2022\/11\/24\/a-doua-sesiune-de-informare-din-cadrul-proiectului-consolidarea-institutionala-a-arrise-pentru-dezvoltarea-locala-participativa-cod-sipoca-smis-889-150956\/#respond"]}]},{"@type":"WebPage","@id":"https:\/\/rise.org.ro\/index.php\/2022\/11\/24\/a-doua-sesiune-de-informare-din-cadrul-proiectului-consolidarea-institutionala-a-arrise-pentru-dezvoltarea-locala-participativa-cod-sipoca-smis-889-150956\/","url":"https:\/\/rise.org.ro\/index.php\/2022\/11\/24\/a-doua-sesiune-de-informare-din-cadrul-proiectului-consolidarea-institutionala-a-arrise-pentru-dezvoltarea-locala-participativa-cod-sipoca-smis-889-150956\/","name":"A doua sesiune de informare din cadrul proiectului \u201eConsolidarea institu\u021bional\u0103 a ARRISE pentru dezvoltarea local\u0103 participativ\u0103\u201d, Cod SIPOCA\/SMIS: 889\/ 150956 - ARRISE","isPartOf":{"@id":"https:\/\/rise.org.ro\/#website"},"datePublished":"2022-11-24T11:13:37+00:00","dateModified":"2022-11-24T11:40:05+00:00","breadcrumb":{"@id":"https:\/\/rise.org.ro\/index.php\/2022\/11\/24\/a-doua-sesiune-de-informare-din-cadrul-proiectului-consolidarea-institutionala-a-arrise-pentru-dezvoltarea-locala-participativa-cod-sipoca-smis-889-150956\/#breadcrumb"},"inLanguage":"en-US","potentialAction":[{"@type":"ReadAction","target":["https:\/\/rise.org.ro\/index.php\/2022\/11\/24\/a-doua-sesiune-de-informare-din-cadrul-proiectului-consolidarea-institutionala-a-arrise-pentru-dezvoltarea-locala-participativa-cod-sipoca-smis-889-150956\/"]}]},{"@type":"BreadcrumbList","@id":"https:\/\/rise.org.ro\/index.php\/2022\/11\/24\/a-doua-sesiune-de-informare-din-cadrul-proiectului-consolidarea-institutionala-a-arrise-pentru-dezvoltarea-locala-participativa-cod-sipoca-smis-889-150956\/#breadcrumb","itemListElement":[{"@type":"ListItem","position":1,"name":"Home","item":"https:\/\/rise.org.ro\/"},{"@type":"ListItem","position":2,"name":"A doua sesiune de informare din cadrul proiectului \u201eConsolidarea institu\u021bional\u0103 a ARRISE pentru dezvoltarea local\u0103 participativ\u0103\u201d, Cod SIPOCA\/SMIS: 889\/ 150956"}]},{"@type":"WebSite","@id":"https:\/\/rise.org.ro\/#website","url":"https:\/\/rise.org.ro\/","name":"ARRISE","description":"Just another WordPress site","publisher":{"@id":"https:\/\/rise.org.ro\/#organization"},"potentialAction":[{"@type":"SearchAction","target":{"@type":"EntryPoint","urlTemplate":"https:\/\/rise.org.ro\/?s={search_term_string}"},"query-input":"required name=search_term_string"}],"inLanguage":"en-US"},{"@type":"Organization","@id":"https:\/\/rise.org.ro\/#organization","name":"ARRISE","url":"https:\/\/rise.org.ro\/","sameAs":[],"logo":{"@type":"ImageObject","inLanguage":"en-US","@id":"https:\/\/rise.org.ro\/#\/schema\/logo\/image\/","url":"https:\/\/rise.org.ro\/wp-content\/uploads\/2022\/08\/Logo-ARISSE-01.png","contentUrl":"https:\/\/rise.org.ro\/wp-content\/uploads\/2022\/08\/Logo-ARISSE-01.png","width":591,"height":591,"caption":"ARRISE"},"image":{"@id":"https:\/\/rise.org.ro\/#\/schema\/logo\/image\/"}},{"@type":"Person","@id":"https:\/\/rise.org.ro\/#\/schema\/person\/40187d4fe4808cfa219ea446944b01b5","name":"admin","image":{"@type":"ImageObject","inLanguage":"en-US","@id":"https:\/\/rise.org.ro\/#\/schema\/person\/image\/","url":"https:\/\/secure.gravatar.com\/avatar\/e2489487e426507eff58ab732f31de1afe6a36e1466cafe7e765fe86565a2026?s=96&d=mm&r=g","contentUrl":"https:\/\/secure.gravatar.com\/avatar\/e2489487e426507eff58ab732f31de1afe6a36e1466cafe7e765fe86565a2026?s=96&d=mm&r=g","caption":"admin"},"sameAs":["https:\/\/rise.org.ro"],"url":"https:\/\/rise.org.ro\/index.php\/author\/admin_b2z2ypxu\/"}]}},"jetpack_featured_media_url":"https:\/\/rise.org.ro\/wp-content\/uploads\/2022\/11\/IMG_9348-scaled.jpg","_links":{"self":[{"href":"https:\/\/rise.org.ro\/index.php\/wp-json\/wp\/v2\/posts\/128","targetHints":{"allow":["GET"]}}],"collection":[{"href":"https:\/\/rise.org.ro\/index.php\/wp-json\/wp\/v2\/posts"}],"about":[{"href":"https:\/\/rise.org.ro\/index.php\/wp-json\/wp\/v2\/types\/post"}],"author":[{"embeddable":true,"href":"https:\/\/rise.org.ro\/index.php\/wp-json\/wp\/v2\/users\/1"}],"replies":[{"embeddable":true,"href":"https:\/\/rise.org.ro\/index.php\/wp-json\/wp\/v2\/comments?post=128"}],"version-history":[{"count":5,"href":"https:\/\/rise.org.ro\/index.php\/wp-json\/wp\/v2\/posts\/128\/revisions"}],"predecessor-version":[{"id":141,"href":"https:\/\/rise.org.ro\/index.php\/wp-json\/wp\/v2\/posts\/128\/revisions\/141"}],"wp:featuredmedia":[{"embeddable":true,"href":"https:\/\/rise.org.ro\/index.php\/wp-json\/wp\/v2\/media\/130"}],"wp:attachment":[{"href":"https:\/\/rise.org.ro\/index.php\/wp-json\/wp\/v2\/media?parent=128"}],"wp:term":[{"taxonomy":"category","embeddable":true,"href":"https:\/\/rise.org.ro\/index.php\/wp-json\/wp\/v2\/categories?post=128"},{"taxonomy":"post_tag","embeddable":true,"href":"https:\/\/rise.org.ro\/index.php\/wp-json\/wp\/v2\/tags?post=128"}],"curies":[{"name":"wp","href":"https:\/\/api.w.org\/{rel}","templated":true}]}}