{"id":161,"date":"2023-06-27T08:23:46","date_gmt":"2023-06-27T08:23:46","guid":{"rendered":"https:\/\/rise.org.ro\/?p=161"},"modified":"2023-08-02T19:17:04","modified_gmt":"2023-08-02T19:17:04","slug":"prima-sesiune-de-dezbateri-din-cadrul-proiectului","status":"publish","type":"post","link":"https:\/\/rise.org.ro\/index.php\/2023\/06\/27\/prima-sesiune-de-dezbateri-din-cadrul-proiectului\/","title":{"rendered":"Prima sesiune de dezbateri din cadrul proiectului \u201eConsolidarea institu\u021bional\u0103 a ARRISE pentru dezvoltarea local\u0103 participativ\u0103\u201d, Cod SIPOCA\/SMIS:  889\/150956"},"content":{"rendered":"<p>Luni, 26 iunie 2023, la sediul Prim\u0103riei ora\u015fului R\u0103cari, a avut loc prima sesiune de dezbatere<br \/>\ndin cadrul proiectului Consolidarea institu\u021bional\u0103 a ARRISE pentru dezvoltarea local\u0103<br \/>\nparticipativ\u0103\u201d, Cod SIPOCA\/SMIS: 889\/ 150956, proiect cofinan\u021bat din FSE prin Programul<br \/>\nOpera\u021bional Capacitate Administrativ\u0103 (POCA) \u015fi implementat de Asocia\u021bia Rom\u00e2n\u0103 de<br \/>\nRela\u021bii Interna\u021bionale \u0219i Studii Europene (ARRISE).<br \/>\nSesiunea de dezbatere face parte din seria de ac\u021biuni prev\u0103zute \u00een cadrul proiectului pentru<br \/>\nelaborarea strategiei de dezvoltare local\u0103 a ora\u0219ului R\u0103cari pentru perioada de programe 2021-<br \/>\n2027 \u0219i are ca scop consultarea p\u0103r\u021bilor interesate de la nivel local \u0219i cre\u0219terea nivelului de<br \/>\nimplicare comunitar\u0103.<br \/>\nParticiparea a fost numeroas\u0103, aprox. 30 de persoane, c\u0103rora le-au fost prezentate rezultatele<br \/>\ncercet\u0103rii privind percep\u0163ia public\u0103 privind oportunit\u0103\u0163ile de dezvoltare local\u0103 \u015fi cu care au fost<br \/>\ndiscutate toate domeniile vizate pentru direc\u0163iile de dezvoltare local\u0103, precum \u015fi necesitatea \u015fi<br \/>\nfezabilitatea acestora.<\/p>\n<p>&nbsp;<\/p>\n<div id='gallery-1' class='gallery galleryid-161 gallery-columns-2 gallery-size-large'><figure class='gallery-item'>\n\t\t\t<div class='gallery-icon landscape'>\n\t\t\t\t<a href='https:\/\/rise.org.ro\/index.php\/2023\/06\/27\/prima-sesiune-de-dezbateri-din-cadrul-proiectului\/screenshot-2023-07-01-at-11-41-47\/'><img loading=\"lazy\" decoding=\"async\" width=\"640\" height=\"422\" src=\"https:\/\/rise.org.ro\/wp-content\/uploads\/2023\/06\/Screenshot-2023-07-01-at-11.41.47-1024x675.png\" class=\"attachment-large size-large\" alt=\"\" srcset=\"https:\/\/rise.org.ro\/wp-content\/uploads\/2023\/06\/Screenshot-2023-07-01-at-11.41.47-1024x675.png 1024w, https:\/\/rise.org.ro\/wp-content\/uploads\/2023\/06\/Screenshot-2023-07-01-at-11.41.47-300x198.png 300w, https:\/\/rise.org.ro\/wp-content\/uploads\/2023\/06\/Screenshot-2023-07-01-at-11.41.47-768x506.png 768w, https:\/\/rise.org.ro\/wp-content\/uploads\/2023\/06\/Screenshot-2023-07-01-at-11.41.47-1536x1013.png 1536w, https:\/\/rise.org.ro\/wp-content\/uploads\/2023\/06\/Screenshot-2023-07-01-at-11.41.47-2048x1350.png 2048w\" sizes=\"auto, (max-width: 640px) 100vw, 640px\" \/><\/a>\n\t\t\t<\/div><\/figure><figure class='gallery-item'>\n\t\t\t<div class='gallery-icon landscape'>\n\t\t\t\t<a href='https:\/\/rise.org.ro\/index.php\/2023\/06\/27\/prima-sesiune-de-dezbateri-din-cadrul-proiectului\/dsc_3958\/'><img loading=\"lazy\" decoding=\"async\" width=\"640\" height=\"427\" src=\"https:\/\/rise.org.ro\/wp-content\/uploads\/2023\/06\/DSC_3958-1024x683.jpg\" class=\"attachment-large size-large\" alt=\"\" srcset=\"https:\/\/rise.org.ro\/wp-content\/uploads\/2023\/06\/DSC_3958-1024x683.jpg 1024w, https:\/\/rise.org.ro\/wp-content\/uploads\/2023\/06\/DSC_3958-300x200.jpg 300w, https:\/\/rise.org.ro\/wp-content\/uploads\/2023\/06\/DSC_3958-768x512.jpg 768w\" sizes=\"auto, (max-width: 640px) 100vw, 640px\" \/><\/a>\n\t\t\t<\/div><\/figure><figure class='gallery-item'>\n\t\t\t<div class='gallery-icon landscape'>\n\t\t\t\t<a href='https:\/\/rise.org.ro\/index.php\/2023\/06\/27\/prima-sesiune-de-dezbateri-din-cadrul-proiectului\/49162d45-3b12-4487-9dbf-008440e11786\/'><img loading=\"lazy\" decoding=\"async\" width=\"640\" height=\"480\" src=\"https:\/\/rise.org.ro\/wp-content\/uploads\/2023\/06\/49162d45-3b12-4487-9dbf-008440e11786-1024x768.jpg\" class=\"attachment-large size-large\" alt=\"\" srcset=\"https:\/\/rise.org.ro\/wp-content\/uploads\/2023\/06\/49162d45-3b12-4487-9dbf-008440e11786-1024x768.jpg 1024w, https:\/\/rise.org.ro\/wp-content\/uploads\/2023\/06\/49162d45-3b12-4487-9dbf-008440e11786-300x225.jpg 300w, https:\/\/rise.org.ro\/wp-content\/uploads\/2023\/06\/49162d45-3b12-4487-9dbf-008440e11786-768x576.jpg 768w, https:\/\/rise.org.ro\/wp-content\/uploads\/2023\/06\/49162d45-3b12-4487-9dbf-008440e11786-1536x1152.jpg 1536w, https:\/\/rise.org.ro\/wp-content\/uploads\/2023\/06\/49162d45-3b12-4487-9dbf-008440e11786.jpg 2048w\" sizes=\"auto, (max-width: 640px) 100vw, 640px\" \/><\/a>\n\t\t\t<\/div><\/figure><figure class='gallery-item'>\n\t\t\t<div class='gallery-icon landscape'>\n\t\t\t\t<a href='https:\/\/rise.org.ro\/index.php\/2023\/06\/27\/prima-sesiune-de-dezbateri-din-cadrul-proiectului\/64c062cd-eda4-4ec8-b0ff-94e2abf391ac\/'><img loading=\"lazy\" decoding=\"async\" width=\"640\" height=\"480\" src=\"https:\/\/rise.org.ro\/wp-content\/uploads\/2023\/06\/64c062cd-eda4-4ec8-b0ff-94e2abf391ac-1024x768.jpg\" class=\"attachment-large size-large\" alt=\"\" srcset=\"https:\/\/rise.org.ro\/wp-content\/uploads\/2023\/06\/64c062cd-eda4-4ec8-b0ff-94e2abf391ac-1024x768.jpg 1024w, https:\/\/rise.org.ro\/wp-content\/uploads\/2023\/06\/64c062cd-eda4-4ec8-b0ff-94e2abf391ac-300x225.jpg 300w, https:\/\/rise.org.ro\/wp-content\/uploads\/2023\/06\/64c062cd-eda4-4ec8-b0ff-94e2abf391ac-768x576.jpg 768w, https:\/\/rise.org.ro\/wp-content\/uploads\/2023\/06\/64c062cd-eda4-4ec8-b0ff-94e2abf391ac-1536x1152.jpg 1536w, https:\/\/rise.org.ro\/wp-content\/uploads\/2023\/06\/64c062cd-eda4-4ec8-b0ff-94e2abf391ac.jpg 2048w\" sizes=\"auto, (max-width: 640px) 100vw, 640px\" \/><\/a>\n\t\t\t<\/div><\/figure>\n\t\t<\/div>\n\n","protected":false},"excerpt":{"rendered":"<p>Luni, 26 iunie 2023, la sediul Prim\u0103riei ora\u015fului R\u0103cari, a avut loc prima sesiune de dezbatere din cadrul proiectului Consolidarea institu\u021bional\u0103 a ARRISE pentru dezvoltarea local\u0103 participativ\u0103\u201d, Cod SIPOCA\/SMIS: 889\/ 150956, proiect cofinan\u021bat din FSE prin Programul Opera\u021bional Capacitate Administrativ\u0103 (POCA) \u015fi implementat de Asocia\u021bia Rom\u00e2n\u0103 de Rela\u021bii Interna\u021bionale \u0219i Studii Europene (ARRISE). Sesiunea de dezbatere face parte din seria [&hellip;]<\/p>\n","protected":false},"author":1,"featured_media":169,"comment_status":"open","ping_status":"open","sticky":false,"template":"","format":"gallery","meta":{"footnotes":""},"categories":[2],"tags":[],"class_list":["post-161","post","type-post","status-publish","format-gallery","has-post-thumbnail","hentry","category-evenimente","post_format-post-format-gallery"],"yoast_head":"<!-- This site is optimized with the Yoast SEO plugin v19.6 - https:\/\/yoast.com\/wordpress\/plugins\/seo\/ -->\n<title>Prima sesiune de dezbateri din cadrul proiectului \u201eConsolidarea institu\u021bional\u0103 a ARRISE pentru dezvoltarea local\u0103 participativ\u0103\u201d, Cod SIPOCA\/SMIS: 889\/150956 - ARRISE<\/title>\n<meta name=\"robots\" content=\"index, follow, max-snippet:-1, max-image-preview:large, max-video-preview:-1\" \/>\n<link rel=\"canonical\" href=\"https:\/\/rise.org.ro\/index.php\/2023\/06\/27\/prima-sesiune-de-dezbateri-din-cadrul-proiectului\/\" \/>\n<meta property=\"og:locale\" content=\"en_US\" \/>\n<meta property=\"og:type\" content=\"article\" \/>\n<meta property=\"og:title\" content=\"Prima sesiune de dezbateri din cadrul proiectului \u201eConsolidarea institu\u021bional\u0103 a ARRISE pentru dezvoltarea local\u0103 participativ\u0103\u201d, Cod SIPOCA\/SMIS: 889\/150956 - ARRISE\" \/>\n<meta property=\"og:description\" content=\"Luni, 26 iunie 2023, la sediul Prim\u0103riei ora\u015fului R\u0103cari, a avut loc prima sesiune de dezbatere din cadrul proiectului Consolidarea institu\u021bional\u0103 a ARRISE pentru dezvoltarea local\u0103 participativ\u0103\u201d, Cod SIPOCA\/SMIS: 889\/ 150956, proiect cofinan\u021bat din FSE prin Programul Opera\u021bional Capacitate Administrativ\u0103 (POCA) \u015fi implementat de Asocia\u021bia Rom\u00e2n\u0103 de Rela\u021bii Interna\u021bionale \u0219i Studii Europene (ARRISE). Sesiunea de dezbatere face parte din seria [&hellip;]\" \/>\n<meta property=\"og:url\" content=\"https:\/\/rise.org.ro\/index.php\/2023\/06\/27\/prima-sesiune-de-dezbateri-din-cadrul-proiectului\/\" \/>\n<meta property=\"og:site_name\" content=\"ARRISE\" \/>\n<meta property=\"article:published_time\" content=\"2023-06-27T08:23:46+00:00\" \/>\n<meta property=\"article:modified_time\" content=\"2023-08-02T19:17:04+00:00\" \/>\n<meta property=\"og:image\" content=\"https:\/\/rise.org.ro\/wp-content\/uploads\/2023\/06\/Screenshot-2023-07-01-at-11.41.47-1024x675.png\" \/>\n\t<meta property=\"og:image:width\" content=\"1024\" \/>\n\t<meta property=\"og:image:height\" content=\"675\" \/>\n\t<meta property=\"og:image:type\" content=\"image\/png\" \/>\n<meta name=\"author\" content=\"admin\" \/>\n<meta name=\"twitter:card\" content=\"summary_large_image\" \/>\n<meta name=\"twitter:label1\" content=\"Written by\" \/>\n\t<meta name=\"twitter:data1\" content=\"admin\" \/>\n\t<meta name=\"twitter:label2\" content=\"Est. reading time\" \/>\n\t<meta name=\"twitter:data2\" content=\"1 minute\" \/>\n<script type=\"application\/ld+json\" class=\"yoast-schema-graph\">{\"@context\":\"https:\/\/schema.org\",\"@graph\":[{\"@type\":\"Article\",\"@id\":\"https:\/\/rise.org.ro\/index.php\/2023\/06\/27\/prima-sesiune-de-dezbateri-din-cadrul-proiectului\/#article\",\"isPartOf\":{\"@id\":\"https:\/\/rise.org.ro\/index.php\/2023\/06\/27\/prima-sesiune-de-dezbateri-din-cadrul-proiectului\/\"},\"author\":{\"name\":\"admin\",\"@id\":\"https:\/\/rise.org.ro\/#\/schema\/person\/40187d4fe4808cfa219ea446944b01b5\"},\"headline\":\"Prima sesiune de dezbateri din cadrul proiectului \u201eConsolidarea institu\u021bional\u0103 a ARRISE pentru dezvoltarea local\u0103 participativ\u0103\u201d, Cod SIPOCA\/SMIS: 889\/150956\",\"datePublished\":\"2023-06-27T08:23:46+00:00\",\"dateModified\":\"2023-08-02T19:17:04+00:00\",\"mainEntityOfPage\":{\"@id\":\"https:\/\/rise.org.ro\/index.php\/2023\/06\/27\/prima-sesiune-de-dezbateri-din-cadrul-proiectului\/\"},\"wordCount\":182,\"commentCount\":0,\"publisher\":{\"@id\":\"https:\/\/rise.org.ro\/#organization\"},\"articleSection\":[\"Evenimente \u0219i activit\u0103\u021bi\"],\"inLanguage\":\"en-US\",\"potentialAction\":[{\"@type\":\"CommentAction\",\"name\":\"Comment\",\"target\":[\"https:\/\/rise.org.ro\/index.php\/2023\/06\/27\/prima-sesiune-de-dezbateri-din-cadrul-proiectului\/#respond\"]}]},{\"@type\":\"WebPage\",\"@id\":\"https:\/\/rise.org.ro\/index.php\/2023\/06\/27\/prima-sesiune-de-dezbateri-din-cadrul-proiectului\/\",\"url\":\"https:\/\/rise.org.ro\/index.php\/2023\/06\/27\/prima-sesiune-de-dezbateri-din-cadrul-proiectului\/\",\"name\":\"Prima sesiune de dezbateri din cadrul proiectului \u201eConsolidarea institu\u021bional\u0103 a ARRISE pentru dezvoltarea local\u0103 participativ\u0103\u201d, Cod SIPOCA\/SMIS: 889\/150956 - ARRISE\",\"isPartOf\":{\"@id\":\"https:\/\/rise.org.ro\/#website\"},\"datePublished\":\"2023-06-27T08:23:46+00:00\",\"dateModified\":\"2023-08-02T19:17:04+00:00\",\"breadcrumb\":{\"@id\":\"https:\/\/rise.org.ro\/index.php\/2023\/06\/27\/prima-sesiune-de-dezbateri-din-cadrul-proiectului\/#breadcrumb\"},\"inLanguage\":\"en-US\",\"potentialAction\":[{\"@type\":\"ReadAction\",\"target\":[\"https:\/\/rise.org.ro\/index.php\/2023\/06\/27\/prima-sesiune-de-dezbateri-din-cadrul-proiectului\/\"]}]},{\"@type\":\"BreadcrumbList\",\"@id\":\"https:\/\/rise.org.ro\/index.php\/2023\/06\/27\/prima-sesiune-de-dezbateri-din-cadrul-proiectului\/#breadcrumb\",\"itemListElement\":[{\"@type\":\"ListItem\",\"position\":1,\"name\":\"Home\",\"item\":\"https:\/\/rise.org.ro\/\"},{\"@type\":\"ListItem\",\"position\":2,\"name\":\"Prima sesiune de dezbateri din cadrul proiectului \u201eConsolidarea institu\u021bional\u0103 a ARRISE pentru dezvoltarea local\u0103 participativ\u0103\u201d, Cod SIPOCA\/SMIS: 889\/150956\"}]},{\"@type\":\"WebSite\",\"@id\":\"https:\/\/rise.org.ro\/#website\",\"url\":\"https:\/\/rise.org.ro\/\",\"name\":\"ARRISE\",\"description\":\"Just another WordPress site\",\"publisher\":{\"@id\":\"https:\/\/rise.org.ro\/#organization\"},\"potentialAction\":[{\"@type\":\"SearchAction\",\"target\":{\"@type\":\"EntryPoint\",\"urlTemplate\":\"https:\/\/rise.org.ro\/?s={search_term_string}\"},\"query-input\":\"required name=search_term_string\"}],\"inLanguage\":\"en-US\"},{\"@type\":\"Organization\",\"@id\":\"https:\/\/rise.org.ro\/#organization\",\"name\":\"ARRISE\",\"url\":\"https:\/\/rise.org.ro\/\",\"sameAs\":[],\"logo\":{\"@type\":\"ImageObject\",\"inLanguage\":\"en-US\",\"@id\":\"https:\/\/rise.org.ro\/#\/schema\/logo\/image\/\",\"url\":\"https:\/\/rise.org.ro\/wp-content\/uploads\/2022\/08\/Logo-ARISSE-01.png\",\"contentUrl\":\"https:\/\/rise.org.ro\/wp-content\/uploads\/2022\/08\/Logo-ARISSE-01.png\",\"width\":591,\"height\":591,\"caption\":\"ARRISE\"},\"image\":{\"@id\":\"https:\/\/rise.org.ro\/#\/schema\/logo\/image\/\"}},{\"@type\":\"Person\",\"@id\":\"https:\/\/rise.org.ro\/#\/schema\/person\/40187d4fe4808cfa219ea446944b01b5\",\"name\":\"admin\",\"image\":{\"@type\":\"ImageObject\",\"inLanguage\":\"en-US\",\"@id\":\"https:\/\/rise.org.ro\/#\/schema\/person\/image\/\",\"url\":\"https:\/\/secure.gravatar.com\/avatar\/e2489487e426507eff58ab732f31de1afe6a36e1466cafe7e765fe86565a2026?s=96&d=mm&r=g\",\"contentUrl\":\"https:\/\/secure.gravatar.com\/avatar\/e2489487e426507eff58ab732f31de1afe6a36e1466cafe7e765fe86565a2026?s=96&d=mm&r=g\",\"caption\":\"admin\"},\"sameAs\":[\"https:\/\/rise.org.ro\"],\"url\":\"https:\/\/rise.org.ro\/index.php\/author\/admin_b2z2ypxu\/\"}]}<\/script>\n<!-- \/ Yoast SEO plugin. -->","yoast_head_json":{"title":"Prima sesiune de dezbateri din cadrul proiectului \u201eConsolidarea institu\u021bional\u0103 a ARRISE pentru dezvoltarea local\u0103 participativ\u0103\u201d, Cod SIPOCA\/SMIS: 889\/150956 - ARRISE","robots":{"index":"index","follow":"follow","max-snippet":"max-snippet:-1","max-image-preview":"max-image-preview:large","max-video-preview":"max-video-preview:-1"},"canonical":"https:\/\/rise.org.ro\/index.php\/2023\/06\/27\/prima-sesiune-de-dezbateri-din-cadrul-proiectului\/","og_locale":"en_US","og_type":"article","og_title":"Prima sesiune de dezbateri din cadrul proiectului \u201eConsolidarea institu\u021bional\u0103 a ARRISE pentru dezvoltarea local\u0103 participativ\u0103\u201d, Cod SIPOCA\/SMIS: 889\/150956 - ARRISE","og_description":"Luni, 26 iunie 2023, la sediul Prim\u0103riei ora\u015fului R\u0103cari, a avut loc prima sesiune de dezbatere din cadrul proiectului Consolidarea institu\u021bional\u0103 a ARRISE pentru dezvoltarea local\u0103 participativ\u0103\u201d, Cod SIPOCA\/SMIS: 889\/ 150956, proiect cofinan\u021bat din FSE prin Programul Opera\u021bional Capacitate Administrativ\u0103 (POCA) \u015fi implementat de Asocia\u021bia Rom\u00e2n\u0103 de Rela\u021bii Interna\u021bionale \u0219i Studii Europene (ARRISE). Sesiunea de dezbatere face parte din seria [&hellip;]","og_url":"https:\/\/rise.org.ro\/index.php\/2023\/06\/27\/prima-sesiune-de-dezbateri-din-cadrul-proiectului\/","og_site_name":"ARRISE","article_published_time":"2023-06-27T08:23:46+00:00","article_modified_time":"2023-08-02T19:17:04+00:00","og_image":[{"width":1024,"height":675,"url":"https:\/\/rise.org.ro\/wp-content\/uploads\/2023\/06\/Screenshot-2023-07-01-at-11.41.47-1024x675.png","type":"image\/png"}],"author":"admin","twitter_card":"summary_large_image","twitter_misc":{"Written by":"admin","Est. reading time":"1 minute"},"schema":{"@context":"https:\/\/schema.org","@graph":[{"@type":"Article","@id":"https:\/\/rise.org.ro\/index.php\/2023\/06\/27\/prima-sesiune-de-dezbateri-din-cadrul-proiectului\/#article","isPartOf":{"@id":"https:\/\/rise.org.ro\/index.php\/2023\/06\/27\/prima-sesiune-de-dezbateri-din-cadrul-proiectului\/"},"author":{"name":"admin","@id":"https:\/\/rise.org.ro\/#\/schema\/person\/40187d4fe4808cfa219ea446944b01b5"},"headline":"Prima sesiune de dezbateri din cadrul proiectului \u201eConsolidarea institu\u021bional\u0103 a ARRISE pentru dezvoltarea local\u0103 participativ\u0103\u201d, Cod SIPOCA\/SMIS: 889\/150956","datePublished":"2023-06-27T08:23:46+00:00","dateModified":"2023-08-02T19:17:04+00:00","mainEntityOfPage":{"@id":"https:\/\/rise.org.ro\/index.php\/2023\/06\/27\/prima-sesiune-de-dezbateri-din-cadrul-proiectului\/"},"wordCount":182,"commentCount":0,"publisher":{"@id":"https:\/\/rise.org.ro\/#organization"},"articleSection":["Evenimente \u0219i activit\u0103\u021bi"],"inLanguage":"en-US","potentialAction":[{"@type":"CommentAction","name":"Comment","target":["https:\/\/rise.org.ro\/index.php\/2023\/06\/27\/prima-sesiune-de-dezbateri-din-cadrul-proiectului\/#respond"]}]},{"@type":"WebPage","@id":"https:\/\/rise.org.ro\/index.php\/2023\/06\/27\/prima-sesiune-de-dezbateri-din-cadrul-proiectului\/","url":"https:\/\/rise.org.ro\/index.php\/2023\/06\/27\/prima-sesiune-de-dezbateri-din-cadrul-proiectului\/","name":"Prima sesiune de dezbateri din cadrul proiectului \u201eConsolidarea institu\u021bional\u0103 a ARRISE pentru dezvoltarea local\u0103 participativ\u0103\u201d, Cod SIPOCA\/SMIS: 889\/150956 - ARRISE","isPartOf":{"@id":"https:\/\/rise.org.ro\/#website"},"datePublished":"2023-06-27T08:23:46+00:00","dateModified":"2023-08-02T19:17:04+00:00","breadcrumb":{"@id":"https:\/\/rise.org.ro\/index.php\/2023\/06\/27\/prima-sesiune-de-dezbateri-din-cadrul-proiectului\/#breadcrumb"},"inLanguage":"en-US","potentialAction":[{"@type":"ReadAction","target":["https:\/\/rise.org.ro\/index.php\/2023\/06\/27\/prima-sesiune-de-dezbateri-din-cadrul-proiectului\/"]}]},{"@type":"BreadcrumbList","@id":"https:\/\/rise.org.ro\/index.php\/2023\/06\/27\/prima-sesiune-de-dezbateri-din-cadrul-proiectului\/#breadcrumb","itemListElement":[{"@type":"ListItem","position":1,"name":"Home","item":"https:\/\/rise.org.ro\/"},{"@type":"ListItem","position":2,"name":"Prima sesiune de dezbateri din cadrul proiectului \u201eConsolidarea institu\u021bional\u0103 a ARRISE pentru dezvoltarea local\u0103 participativ\u0103\u201d, Cod SIPOCA\/SMIS: 889\/150956"}]},{"@type":"WebSite","@id":"https:\/\/rise.org.ro\/#website","url":"https:\/\/rise.org.ro\/","name":"ARRISE","description":"Just another WordPress site","publisher":{"@id":"https:\/\/rise.org.ro\/#organization"},"potentialAction":[{"@type":"SearchAction","target":{"@type":"EntryPoint","urlTemplate":"https:\/\/rise.org.ro\/?s={search_term_string}"},"query-input":"required name=search_term_string"}],"inLanguage":"en-US"},{"@type":"Organization","@id":"https:\/\/rise.org.ro\/#organization","name":"ARRISE","url":"https:\/\/rise.org.ro\/","sameAs":[],"logo":{"@type":"ImageObject","inLanguage":"en-US","@id":"https:\/\/rise.org.ro\/#\/schema\/logo\/image\/","url":"https:\/\/rise.org.ro\/wp-content\/uploads\/2022\/08\/Logo-ARISSE-01.png","contentUrl":"https:\/\/rise.org.ro\/wp-content\/uploads\/2022\/08\/Logo-ARISSE-01.png","width":591,"height":591,"caption":"ARRISE"},"image":{"@id":"https:\/\/rise.org.ro\/#\/schema\/logo\/image\/"}},{"@type":"Person","@id":"https:\/\/rise.org.ro\/#\/schema\/person\/40187d4fe4808cfa219ea446944b01b5","name":"admin","image":{"@type":"ImageObject","inLanguage":"en-US","@id":"https:\/\/rise.org.ro\/#\/schema\/person\/image\/","url":"https:\/\/secure.gravatar.com\/avatar\/e2489487e426507eff58ab732f31de1afe6a36e1466cafe7e765fe86565a2026?s=96&d=mm&r=g","contentUrl":"https:\/\/secure.gravatar.com\/avatar\/e2489487e426507eff58ab732f31de1afe6a36e1466cafe7e765fe86565a2026?s=96&d=mm&r=g","caption":"admin"},"sameAs":["https:\/\/rise.org.ro"],"url":"https:\/\/rise.org.ro\/index.php\/author\/admin_b2z2ypxu\/"}]}},"jetpack_featured_media_url":"https:\/\/rise.org.ro\/wp-content\/uploads\/2023\/06\/Screenshot-2023-07-01-at-11.41.47.png","_links":{"self":[{"href":"https:\/\/rise.org.ro\/index.php\/wp-json\/wp\/v2\/posts\/161","targetHints":{"allow":["GET"]}}],"collection":[{"href":"https:\/\/rise.org.ro\/index.php\/wp-json\/wp\/v2\/posts"}],"about":[{"href":"https:\/\/rise.org.ro\/index.php\/wp-json\/wp\/v2\/types\/post"}],"author":[{"embeddable":true,"href":"https:\/\/rise.org.ro\/index.php\/wp-json\/wp\/v2\/users\/1"}],"replies":[{"embeddable":true,"href":"https:\/\/rise.org.ro\/index.php\/wp-json\/wp\/v2\/comments?post=161"}],"version-history":[{"count":5,"href":"https:\/\/rise.org.ro\/index.php\/wp-json\/wp\/v2\/posts\/161\/revisions"}],"predecessor-version":[{"id":173,"href":"https:\/\/rise.org.ro\/index.php\/wp-json\/wp\/v2\/posts\/161\/revisions\/173"}],"wp:featuredmedia":[{"embeddable":true,"href":"https:\/\/rise.org.ro\/index.php\/wp-json\/wp\/v2\/media\/169"}],"wp:attachment":[{"href":"https:\/\/rise.org.ro\/index.php\/wp-json\/wp\/v2\/media?parent=161"}],"wp:term":[{"taxonomy":"category","embeddable":true,"href":"https:\/\/rise.org.ro\/index.php\/wp-json\/wp\/v2\/categories?post=161"},{"taxonomy":"post_tag","embeddable":true,"href":"https:\/\/rise.org.ro\/index.php\/wp-json\/wp\/v2\/tags?post=161"}],"curies":[{"name":"wp","href":"https:\/\/api.w.org\/{rel}","templated":true}]}}